{"id":4564,"date":"2021-04-13T18:15:57","date_gmt":"2021-04-13T18:15:57","guid":{"rendered":"https:\/\/www.musicotherapieaqm.org\/fr\/?p=4564"},"modified":"2021-10-06T22:49:04","modified_gmt":"2021-10-06T22:49:04","slug":"comme-une-vague-documentaire","status":"publish","type":"post","link":"https:\/\/www.musicotherapieaqm.org\/fr\/comme-une-vague-documentaire\/","title":{"rendered":"Comme une vague &#8211; Documentaire"},"content":{"rendered":"\n<p>\ud835\uddd6\ud835\uddfc\ud835\uddfa\ud835\uddfa\ud835\uddf2 \ud835\ude02\ud835\uddfb\ud835\uddf2 \ud835\ude03\ud835\uddee\ud835\uddf4\ud835\ude02\ud835\uddf2 rend hommage \u00e0 la musique, cette s\u00e9quence de sons abstraite, immat\u00e9rielle et invisible qui provoque dans le cerveau la m\u00eame r\u00e9action que le chocolat, le sexe ou la drogue.Con\u00e7u comme une vague cin\u00e9matographique, ce documentaire nous porte de Montr\u00e9al \u00e0 Cr\u00e9mone en passant par la Su\u00e8de, le Mexique et la C\u00f4te Ouest am\u00e9ricaine \u00e0 la rencontre de scientifiques et d\u2019artistes fascinants qui, depuis leurs divers horizons, illustrent le lien essentiel entre le rythme, la musique, notre plan\u00e8te, le cerveau, la vie quotidienne et notre humanit\u00e9 collective.<\/p>\n\n\n\n<div class=\"wp-block-media-text alignwide is-stacked-on-mobile\"><figure class=\"wp-block-media-text__media\"><a href=\"https:\/\/www.facebook.com\/biggiantwave\"><img decoding=\"async\" loading=\"lazy\" width=\"1024\" height=\"512\" src=\"https:\/\/www.musicotherapieaqm.org\/fr\/wp-content\/uploads\/2021\/04\/170308146_121659579981809_977149956242366277_n-1024x512.jpg\" alt=\"\" class=\"wp-image-4567\"\/><\/a><\/figure><div class=\"wp-block-media-text__content\">\n<p><\/p>\n<\/div><\/div>\n\n\n\n<p>\ud835\udde8\ud835\uddfb \ud835\uddf3\ud835\uddf6\ud835\uddf9\ud835\uddfa \ud835\uddf1\ud835\uddf2 Marie-Julie Dallaire<br>\ud835\udde3\ud835\uddff\ud835\uddf2\u0301\ud835\ude00\ud835\uddf2\ud835\uddfb\ud835\ude01\ud835\uddf2\u0301 \ud835\uddfd\ud835\uddee\ud835\uddff Jean-Marc Vall\u00e9e<br>\ud835\udde6\ud835\uddf0\ud835\uddf2\u0301\ud835\uddfb\ud835\uddee\ud835\uddff\ud835\uddf6\ud835\uddfc \ud835\uddf1\ud835\uddf2 Andr\u00e9e Blais et Marie-Julie Dallaire<br>\ud835\udde0\ud835\uddfc\ud835\uddfb\ud835\ude01\ud835\uddee\ud835\uddf4\ud835\uddf2 \ud835\uddf1\ud835\uddf2 Louis-Martin Paradis<br>\ud835\udde3\ud835\uddff\ud835\uddfc\ud835\uddf1\ud835\ude02\ud835\uddf6\ud835\ude01 \ud835\uddfd\ud835\uddee\ud835\uddff Alex Sliman (Griffinpark Films)<br>\ud835\uddd4\ud835\ude03\ud835\uddf2\ud835\uddf0 \ud835\uddf9\ud835\uddee \ud835\uddfd\ud835\uddee\ud835\uddff\ud835\ude01\ud835\uddf6\ud835\uddf0\ud835\uddf6\ud835\uddfd\ud835\uddee\ud835\ude01\ud835\uddf6\ud835\uddfc\ud835\uddfb \ud835\uddf1\ud835\uddf2 Patrick Watson, Osunlade, St\u00e9phane T\u00e9treault, <strong>Tiana Malone<\/strong>, Nathalie Fernando, Ezra Azmon, Tom Wilder, Ron Davis Alvarez, Gordon Hempton et Valorie N. Salimpoor<\/p>\n","protected":false},"excerpt":{"rendered":"<p>\ud835\uddd6\ud835\uddfc\ud835\uddfa\ud835\uddfa\ud835\uddf2 \ud835\ude02\ud835\uddfb\ud835\uddf2 \ud835\ude03\ud835\uddee\ud835\uddf4\ud835\ude02\ud835\uddf2 rend hommage \u00e0 la musique, cette s\u00e9quence de sons abstraite, immat\u00e9rielle et invisible qui provoque dans le cerveau la m\u00eame r\u00e9action que le chocolat, le sexe ou la drogue.Con\u00e7u comme une vague cin\u00e9matographique, ce documentaire nous porte de Montr\u00e9al \u00e0 Cr\u00e9mone en passant par la Su\u00e8de, le Mexique et la C\u00f4te Ouest [&hellip;]<\/p>\n","protected":false},"author":1,"featured_media":4565,"comment_status":"closed","ping_status":"closed","sticky":false,"template":"","format":"standard","meta":{"footnotes":""},"categories":[82],"tags":[],"_links":{"self":[{"href":"https:\/\/www.musicotherapieaqm.org\/fr\/wp-json\/wp\/v2\/posts\/4564"}],"collection":[{"href":"https:\/\/www.musicotherapieaqm.org\/fr\/wp-json\/wp\/v2\/posts"}],"about":[{"href":"https:\/\/www.musicotherapieaqm.org\/fr\/wp-json\/wp\/v2\/types\/post"}],"author":[{"embeddable":true,"href":"https:\/\/www.musicotherapieaqm.org\/fr\/wp-json\/wp\/v2\/users\/1"}],"replies":[{"embeddable":true,"href":"https:\/\/www.musicotherapieaqm.org\/fr\/wp-json\/wp\/v2\/comments?post=4564"}],"version-history":[{"count":2,"href":"https:\/\/www.musicotherapieaqm.org\/fr\/wp-json\/wp\/v2\/posts\/4564\/revisions"}],"predecessor-version":[{"id":4568,"href":"https:\/\/www.musicotherapieaqm.org\/fr\/wp-json\/wp\/v2\/posts\/4564\/revisions\/4568"}],"wp:featuredmedia":[{"embeddable":true,"href":"https:\/\/www.musicotherapieaqm.org\/fr\/wp-json\/wp\/v2\/media\/4565"}],"wp:attachment":[{"href":"https:\/\/www.musicotherapieaqm.org\/fr\/wp-json\/wp\/v2\/media?parent=4564"}],"wp:term":[{"taxonomy":"category","embeddable":true,"href":"https:\/\/www.musicotherapieaqm.org\/fr\/wp-json\/wp\/v2\/categories?post=4564"},{"taxonomy":"post_tag","embeddable":true,"href":"https:\/\/www.musicotherapieaqm.org\/fr\/wp-json\/wp\/v2\/tags?post=4564"}],"curies":[{"name":"wp","href":"https:\/\/api.w.org\/{rel}","templated":true}]}}